{"id":504,"date":"2024-01-21T20:33:33","date_gmt":"2024-01-21T19:33:33","guid":{"rendered":"https:\/\/sylviehippolyte.fr\/?p=504"},"modified":"2024-07-01T21:58:56","modified_gmt":"2024-07-01T19:58:56","slug":"albert-portevin-membre-de-lacademie-des-sciences","status":"publish","type":"post","link":"https:\/\/sylviehippolyte.fr\/?p=504","title":{"rendered":"Albert Portevin, membre de l&rsquo;Acad\u00e9mie des Sciences"},"content":{"rendered":"\n<p>Nous avons trouv\u00e9 dans les affaires de Georges Hippolyte un ouvrage de 26 pages qui rend hommage en 1947 \u00e0 Albert Portevin, membre de l\u2019Acad\u00e9mie des Sciences.<\/p>\n\n\n\n<figure class=\"wp-block-image size-large is-style-default\"><img loading=\"lazy\" decoding=\"async\" width=\"673\" height=\"1024\" src=\"https:\/\/sylviehippolyte.fr\/wp-content\/uploads\/2024\/01\/144-Albert-Portevin-hommage-673x1024.jpg\" alt=\"\" class=\"wp-image-497\" srcset=\"https:\/\/sylviehippolyte.fr\/wp-content\/uploads\/2024\/01\/144-Albert-Portevin-hommage-673x1024.jpg 673w, https:\/\/sylviehippolyte.fr\/wp-content\/uploads\/2024\/01\/144-Albert-Portevin-hommage-197x300.jpg 197w, https:\/\/sylviehippolyte.fr\/wp-content\/uploads\/2024\/01\/144-Albert-Portevin-hommage-768x1169.jpg 768w, https:\/\/sylviehippolyte.fr\/wp-content\/uploads\/2024\/01\/144-Albert-Portevin-hommage-1009x1536.jpg 1009w, https:\/\/sylviehippolyte.fr\/wp-content\/uploads\/2024\/01\/144-Albert-Portevin-hommage-1346x2048.jpg 1346w, https:\/\/sylviehippolyte.fr\/wp-content\/uploads\/2024\/01\/144-Albert-Portevin-hommage-920x1400.jpg 920w, https:\/\/sylviehippolyte.fr\/wp-content\/uploads\/2024\/01\/144-Albert-Portevin-hommage.jpg 1434w\" sizes=\"auto, (max-width: 673px) 100vw, 673px\" \/><\/figure>\n\n\n\n<p>Pour nous, les petits-enfants de Georges Hippolyte, qui n\u2019avons pas une parfaite connaissance des Grands hommes de son \u00e9poque, le nom de cet acad\u00e9micien nous est inconnu, ce qui n\u2019\u00e9tait pas le cas de Georges issu de la m\u00eame formation que lui \u00e0 l\u2019\u00c9cole Centrale des Arts et Manufactures. Faut-il que ce personnage soit devenu important pour qu\u2019un appel \u00e0 souscription ait \u00e9t\u00e9 lanc\u00e9 et ait recueilli 2&nbsp;486 noms dont 42 grandes soci\u00e9t\u00e9s industrielles, 490 membres de la Soci\u00e9t\u00e9 des Ing\u00e9nieurs Civils, 687 Centraux dont Georges Hippolyte et 873 \u00e9l\u00e8ves-ing\u00e9nieurs&nbsp;!<\/p>\n\n\n\n<p>Pourquoi une souscription a-t-elle \u00e9t\u00e9 ouverte \u00e0 son profit&nbsp;? Les souscripteurs reconnaissants lui offraient le 20 juin 1943 son \u00e9p\u00e9e d\u2019Acad\u00e9micien et son portrait. Car il a \u00e9t\u00e9 \u00e9lu le 7 d\u00e9cembre 1942 \u00e0 l\u2019Acad\u00e9mie des Sciences, appel\u00e9 \u00e0 si\u00e9ger dans la Division des applications de la science \u00e0 l\u2019industrie fond\u00e9e en 1918 par \u00c9mile Picard et Henry Le Chatelier. Il est \u00e9lu \u00e0 l\u2019unanimit\u00e9 des votants, cela ne s\u2019est pas produit durant les dix-huit ann\u00e9es pendant lesquelles L\u00e9on Guillet a fait partie de l\u2019Acad\u00e9mie.<\/p>\n\n\n\n<p>Voil\u00e0 la raison d\u2019\u00eatre de l\u2019opuscule que nous poss\u00e9dons, il relate l\u2019\u00e9v\u00e9nement, la teneur des trois allocutions prononc\u00e9es par&nbsp;: L\u00e9on Guillet, membre de l\u2019Institut, directeur de l\u2019\u00c9cole Centrale des Arts et Manufactures&nbsp;; Hippolyte Luc, directeur g\u00e9n\u00e9ral de l\u2019Enseignement technique, pr\u00e9sident du comit\u00e9&nbsp;; Albert Portevin. Il contient \u00e9galement les noms des souscripteurs.<\/p>\n\n\n\n<figure class=\"wp-block-image size-large is-style-default\"><img loading=\"lazy\" decoding=\"async\" width=\"1024\" height=\"661\" src=\"https:\/\/sylviehippolyte.fr\/wp-content\/uploads\/2024\/01\/145-Albert-Portevin-allocutions-1024x661.jpg\" alt=\"\" class=\"wp-image-498\" srcset=\"https:\/\/sylviehippolyte.fr\/wp-content\/uploads\/2024\/01\/145-Albert-Portevin-allocutions-1024x661.jpg 1024w, https:\/\/sylviehippolyte.fr\/wp-content\/uploads\/2024\/01\/145-Albert-Portevin-allocutions-300x194.jpg 300w, https:\/\/sylviehippolyte.fr\/wp-content\/uploads\/2024\/01\/145-Albert-Portevin-allocutions-768x496.jpg 768w, https:\/\/sylviehippolyte.fr\/wp-content\/uploads\/2024\/01\/145-Albert-Portevin-allocutions-1536x992.jpg 1536w, https:\/\/sylviehippolyte.fr\/wp-content\/uploads\/2024\/01\/145-Albert-Portevin-allocutions-2048x1323.jpg 2048w, https:\/\/sylviehippolyte.fr\/wp-content\/uploads\/2024\/01\/145-Albert-Portevin-allocutions-920x594.jpg 920w\" sizes=\"auto, (max-width: 1024px) 100vw, 1024px\" \/><figcaption class=\"wp-element-caption\"><em>Les allocutions<\/em><\/figcaption><\/figure>\n\n\n\n<p>La s\u00e9ance qui accompagnait la remise de l\u2019\u00e9p\u00e9e et du portrait a eu lieu dans l\u2019amphith\u00e9\u00e2tre de l\u2019\u00c9cole Centrale des Arts et Manufactures.<\/p>\n\n\n\n<figure class=\"wp-block-image size-large is-style-default\"><img loading=\"lazy\" decoding=\"async\" width=\"1024\" height=\"674\" src=\"https:\/\/sylviehippolyte.fr\/wp-content\/uploads\/2024\/01\/146-Albert-Portevin-assemblee-1024x674.jpg\" alt=\"\" class=\"wp-image-499\" srcset=\"https:\/\/sylviehippolyte.fr\/wp-content\/uploads\/2024\/01\/146-Albert-Portevin-assemblee-1024x674.jpg 1024w, https:\/\/sylviehippolyte.fr\/wp-content\/uploads\/2024\/01\/146-Albert-Portevin-assemblee-300x197.jpg 300w, https:\/\/sylviehippolyte.fr\/wp-content\/uploads\/2024\/01\/146-Albert-Portevin-assemblee-768x505.jpg 768w, https:\/\/sylviehippolyte.fr\/wp-content\/uploads\/2024\/01\/146-Albert-Portevin-assemblee-1536x1011.jpg 1536w, https:\/\/sylviehippolyte.fr\/wp-content\/uploads\/2024\/01\/146-Albert-Portevin-assemblee-2048x1348.jpg 2048w, https:\/\/sylviehippolyte.fr\/wp-content\/uploads\/2024\/01\/146-Albert-Portevin-assemblee-920x605.jpg 920w\" sizes=\"auto, (max-width: 1024px) 100vw, 1024px\" \/><figcaption class=\"wp-element-caption\"><em>L&rsquo;assistance attentive<\/em><\/figcaption><\/figure>\n\n\n<div class=\"wp-block-image is-style-rounded\">\n<figure class=\"aligncenter size-full\"><img loading=\"lazy\" decoding=\"async\" width=\"314\" height=\"206\" src=\"https:\/\/sylviehippolyte.fr\/wp-content\/uploads\/2024\/01\/147-G-et-MT-dans-lassemblee.jpg\" alt=\"\" class=\"wp-image-500\" srcset=\"https:\/\/sylviehippolyte.fr\/wp-content\/uploads\/2024\/01\/147-G-et-MT-dans-lassemblee.jpg 314w, https:\/\/sylviehippolyte.fr\/wp-content\/uploads\/2024\/01\/147-G-et-MT-dans-lassemblee-300x197.jpg 300w\" sizes=\"auto, (max-width: 314px) 100vw, 314px\" \/><figcaption class=\"wp-element-caption\"><em>Georges et Marie-Th\u00e9r\u00e8se sont pr\u00e9sents<\/em><\/figcaption><\/figure>\n<\/div>\n\n\n<p>De hautes personnalit\u00e9s du monde industriel sont cit\u00e9es dans l\u2019ouvrage pour leur pr\u00e9sence \u00e0 la c\u00e9r\u00e9monie, d\u2019autres pour leur absence excus\u00e9e.<\/p>\n\n\n\n<p>Le montant de la souscription ayant \u00e9t\u00e9 sup\u00e9rieur \u00e0 la n\u00e9cessit\u00e9, le comit\u00e9 a affect\u00e9 le reliquat \u00e0 l\u2019\u00c9cole Centrale, \u00e0 l\u2019\u00c9cole Sup\u00e9rieure de Fonderie et \u00e0 l\u2019Institut de Soudure Autog\u00e8ne.<\/p>\n\n\n\n<p>Mais qui est Albert Portevin&nbsp;? Un m\u00e9tallurgiste, un scientifique, un ing\u00e9nieur-conseil, un \u00e9minent professeur, un ma\u00eetre de conf\u00e9rences en sid\u00e9rurgie, un chercheur, un auteur de m\u00e9moires, un savant\u2026<\/p>\n\n\n\n<p>Il est n\u00e9 le jour du d\u00e9c\u00e8s de son p\u00e8re, en 1880, la m\u00eame ann\u00e9e que Georges Hippolyte. Ils ont suivi les m\u00eames cours et sont dipl\u00f4m\u00e9s ing\u00e9nieurs en m\u00eame temps, Albert Portevin avec une moyenne de 18,74 sur 20. Son projet de concours sur une usine \u00e0 gaz lui vaut la note de 19,60 sur 20 \u00e9galement. Mais il a un condisciple encore plus fort que lui, puisqu\u2019il sort second de sa promotion. Avec sa m\u00e8re, il habite rue de Passy dans le 16<sup>e<\/sup> arrondissement, dans un appartement qu\u2019il n\u2019a quitt\u00e9 que pour se marier et vivre avec son \u00e9pouse \u00e0 quelques pas de l\u00e0, boulevard de Beaus\u00e9jour. Deux enfants, Philippe et Jean-Paul, naissent de leur union, pr\u00e9sents \u00e0 la remise de l\u2019\u00e9p\u00e9e et du portrait.<\/p>\n\n\n\n<p>Albert Portevin est passionn\u00e9 de sciences exp\u00e9rimentales, principalement de sciences naturelles. Apr\u00e8s le d\u00e9c\u00e8s de sa m\u00e8re, il part dans l\u2019Eure travailler dans le laboratoire de la Soci\u00e9t\u00e9 m\u00e9tallurgique de La Bonneville. La discipline qui existe dans l\u2019usine ne lui convient pas, il est qualifi\u00e9 de fantaisiste par ses amis, il retourne \u00e0 Paris o\u00f9 il \u0153uvre dans le laboratoire m\u00e9tallurgique de la Maison Dion-Bouton dirig\u00e9e par L\u00e9on Guillet. Il y trouve son \u00e9quilibre, des amiti\u00e9s se cr\u00e9ent avec d\u2019illustres m\u00e9tallurgistes, ses travaux de recherche commencent, sa carri\u00e8re scientifique s\u2019annonce belle.<\/p>\n\n\n\n<p>Pendant la Premi\u00e8re Guerre mondiale, il est dirig\u00e9 dans les services auxiliaires \u00e0 cause d\u2019une sant\u00e9 d\u00e9faillante, il travaille dans les services techniques de l\u2019artillerie \u00e0 la r\u00e9solution des probl\u00e8mes de la fabrication des obus, des canons de 75 et des appareils d\u2019aviation. Son exp\u00e9rience dans ce domaine de l\u2019\u00e9tude des fontes alimentera ses publications et conf\u00e9rences.<\/p>\n\n\n\n<p>Pendant la Seconde Guerre mondiale, il est conseiller scientifique et technique au minist\u00e8re de l\u2019Armement.<\/p>\n\n\n\n<p>En 1943, il a d\u00e9j\u00e0 \u00e0 son actif 350 m\u00e9moires \u00e0 propos de la m\u00e9tallurgie.<\/p>\n\n\n\n<p>Dans son allocution, il remercie les soci\u00e9t\u00e9s industrielles et la Soci\u00e9t\u00e9 d\u2019\u00c9lectro-Chimie qui lui ont permis de mener ses recherches. Puis il cite ses collaborateurs d\u2019origines diverses dont ceux de l\u2019\u00c9cole Centrale, l\u2019Universit\u00e9, l\u2019\u00c9cole Polytechnique, l\u2019\u00c9cole des Mines de Paris et celle de Saint-\u00c9tienne, l\u2019\u00c9cole de Physique et Chimie, l\u2019Institut de Chimie de Paris, l\u2019\u00c9cole de Fonderie. Il remercie tous ceux qui participent \u00e0 la manifestation festive, ses amis et ses camarades, ses coll\u00e8gues de l\u2019industrie, de l\u2019enseignement, de la technique, ses anciens \u00e9l\u00e8ves, ceux en formation et les futurs majors.<\/p>\n\n\n\n<figure class=\"wp-block-image size-large is-style-default\"><img loading=\"lazy\" decoding=\"async\" width=\"501\" height=\"1024\" src=\"https:\/\/sylviehippolyte.fr\/wp-content\/uploads\/2024\/01\/148bis-Albert-Portevin-epee-501x1024.jpg\" alt=\"\" class=\"wp-image-501\" srcset=\"https:\/\/sylviehippolyte.fr\/wp-content\/uploads\/2024\/01\/148bis-Albert-Portevin-epee-501x1024.jpg 501w, https:\/\/sylviehippolyte.fr\/wp-content\/uploads\/2024\/01\/148bis-Albert-Portevin-epee-147x300.jpg 147w, https:\/\/sylviehippolyte.fr\/wp-content\/uploads\/2024\/01\/148bis-Albert-Portevin-epee-768x1570.jpg 768w, https:\/\/sylviehippolyte.fr\/wp-content\/uploads\/2024\/01\/148bis-Albert-Portevin-epee-751x1536.jpg 751w, https:\/\/sylviehippolyte.fr\/wp-content\/uploads\/2024\/01\/148bis-Albert-Portevin-epee-1002x2048.jpg 1002w, https:\/\/sylviehippolyte.fr\/wp-content\/uploads\/2024\/01\/148bis-Albert-Portevin-epee-920x1880.jpg 920w, https:\/\/sylviehippolyte.fr\/wp-content\/uploads\/2024\/01\/148bis-Albert-Portevin-epee.jpg 1023w\" sizes=\"auto, (max-width: 501px) 100vw, 501px\" \/><\/figure>\n\n\n\n<p>L\u2019\u00e9p\u00e9e d\u2019Albert Portevin est l\u2019\u0153uvre originale de Louis Muller, sculpteur et graveur n\u00e9 en 1902. Elle est orn\u00e9e de symboles qui t\u00e9moignent de son parcours&nbsp;: la flamme du feu dont le r\u00f4le est important dans les recherches scientifiques sur la fonte et la trempe des m\u00e9taux, la foi de la pens\u00e9e rayonnante, la coquille sur laquelle est pos\u00e9e l\u2019Abeille de l\u2019\u00c9cole Centrale, une t\u00eate de cyclope. La poign\u00e9e pr\u00e9sente les deux aspects de sa carri\u00e8re&nbsp;: l\u2019enseignement et la recherche.<\/p>\n\n\n\n<figure class=\"wp-block-image size-large is-style-default\"><img loading=\"lazy\" decoding=\"async\" width=\"592\" height=\"1024\" src=\"https:\/\/sylviehippolyte.fr\/wp-content\/uploads\/2024\/01\/149-Albert-Portevin-portrait-592x1024.jpg\" alt=\"\" class=\"wp-image-502\" srcset=\"https:\/\/sylviehippolyte.fr\/wp-content\/uploads\/2024\/01\/149-Albert-Portevin-portrait-592x1024.jpg 592w, https:\/\/sylviehippolyte.fr\/wp-content\/uploads\/2024\/01\/149-Albert-Portevin-portrait-173x300.jpg 173w, https:\/\/sylviehippolyte.fr\/wp-content\/uploads\/2024\/01\/149-Albert-Portevin-portrait-768x1329.jpg 768w, https:\/\/sylviehippolyte.fr\/wp-content\/uploads\/2024\/01\/149-Albert-Portevin-portrait-888x1536.jpg 888w, https:\/\/sylviehippolyte.fr\/wp-content\/uploads\/2024\/01\/149-Albert-Portevin-portrait-1184x2048.jpg 1184w, https:\/\/sylviehippolyte.fr\/wp-content\/uploads\/2024\/01\/149-Albert-Portevin-portrait-920x1592.jpg 920w, https:\/\/sylviehippolyte.fr\/wp-content\/uploads\/2024\/01\/149-Albert-Portevin-portrait.jpg 1228w\" sizes=\"auto, (max-width: 592px) 100vw, 592px\" \/><figcaption class=\"wp-element-caption\"><em>Albert Portevin, membre de l&rsquo;Institut<\/em><\/figcaption><\/figure>\n\n\n\n<p>Le portrait est r\u00e9alis\u00e9 par Edgard Maxence, artiste peintre n\u00e9 \u00e0 Nantes en 1871.<\/p>\n\n\n\n<p>Parmi de nombreuses activit\u00e9s, Albert Portevin enseigne dans trois \u00e9coles. Attach\u00e9 \u00e0 l\u2019\u00c9cole Centrale, il y est un professeur de m\u00e9tallurgie \u00e9minent particuli\u00e8rement appr\u00e9ci\u00e9 des \u00e9tudiants et pr\u00e9sident du Conseil d\u2019administration. Il enseigne la m\u00e9tallographie sp\u00e9cialis\u00e9e \u00e0 l\u2019\u00c9cole Sup\u00e9rieure de Fonderie cr\u00e9\u00e9e en 1924 et enseigne la m\u00e9tallurgie appliqu\u00e9e au soudage \u00e0 l\u2019\u00c9cole Sup\u00e9rieure de Soudure Autog\u00e8ne cr\u00e9\u00e9e en 1930. En 1907, il \u00e9crit avec Henry Le Chatelier et L\u00e9on Guillet des articles dans la <em>Revue de m\u00e9tallurgie<\/em>. Il en est le r\u00e9dacteur en chef. Son style est clair, concis, il ne se perd pas dans la multitude d\u2019informations possibles, et rend ses sujets abordables malgr\u00e9 leur caract\u00e8re technique r\u00e9serv\u00e9 aux initi\u00e9s. D\u2019ailleurs, il est membre du Comit\u00e9 du langage scientifique et membre du Comit\u00e9 d\u2019honneur de l\u2019Association de D\u00e9fense de la langue fran\u00e7aise.<\/p>\n\n\n\n<p>Beaucoup de soci\u00e9t\u00e9s industrielles demandent sa collaboration. En 1959, il devient le pr\u00e9sident de l\u2019Acad\u00e9mie des Sciences.<\/p>\n\n\n\n<p>Reconnu dans de nombreux pays pour sa contribution scientifique, il collectionne les prix et les m\u00e9dailles&nbsp;! \u00c0 noter en particulier la m\u00e9daille Lavoisier de la Soci\u00e9t\u00e9 d\u2019encouragement pour l\u2019industrie nationale qu\u2019il re\u00e7oit en 1951 pour son r\u00f4le dans la d\u00e9couverte des aciers inoxydables. Il en existe une \u00e0 son nom, la m\u00e9daille Albert Portevin, grav\u00e9e de son portrait, attribu\u00e9e par la Soci\u00e9t\u00e9 Fran\u00e7aise de M\u00e9tallurgie et de Mat\u00e9riaux, qui r\u00e9compense des personnalit\u00e9s m\u00e9tallurgistes ayant apport\u00e9 une contribution dans les domaines dans lesquels s\u2019est distingu\u00e9 Albert Portevin, notamment la transformation et les propri\u00e9t\u00e9s de mise en forme des mat\u00e9riaux.<\/p>\n\n\n\n<p>\u00ab&nbsp;<em><mark style=\"background-color:rgba(0, 0, 0, 0)\" class=\"has-inline-color has-vivid-cyan-blue-color\">Mes \u00e9tudes n\u2019ont pu se poursuivre et ma vocation \u00e9clore qu\u2019\u00e0 la chaleur du foyer maternel et le complet \u00e9panouissement de ma vie intellectuelle ne s\u2019est effectu\u00e9 qu\u2019au soleil du foyer familial.<\/mark><\/em>&nbsp;\u00bb \u2013 Albert Portevin.<\/p>\n\n\n\n<figure class=\"wp-block-image size-full is-style-default\"><img loading=\"lazy\" decoding=\"async\" width=\"562\" height=\"570\" src=\"https:\/\/sylviehippolyte.fr\/wp-content\/uploads\/2024\/01\/150-Albert-Portevin-Institut.jpg\" alt=\"\" class=\"wp-image-503\" srcset=\"https:\/\/sylviehippolyte.fr\/wp-content\/uploads\/2024\/01\/150-Albert-Portevin-Institut.jpg 562w, https:\/\/sylviehippolyte.fr\/wp-content\/uploads\/2024\/01\/150-Albert-Portevin-Institut-296x300.jpg 296w\" sizes=\"auto, (max-width: 562px) 100vw, 562px\" \/><figcaption class=\"wp-element-caption\"><em>L&rsquo;Institut de France<\/em><\/figcaption><\/figure>\n","protected":false},"excerpt":{"rendered":"<p>Nous avons trouv\u00e9 dans les affaires de Georges Hippolyte un ouvrage de 26 pages qui rend&#46;&#46;&#46;<\/p>\n","protected":false},"author":1,"featured_media":0,"comment_status":"closed","ping_status":"open","sticky":false,"template":"","format":"standard","meta":{"footnotes":""},"categories":[10],"tags":[],"class_list":["post-504","post","type-post","status-publish","format-standard","hentry","category-portraits"],"post_mailing_queue_ids":[],"_links":{"self":[{"href":"https:\/\/sylviehippolyte.fr\/index.php?rest_route=\/wp\/v2\/posts\/504","targetHints":{"allow":["GET"]}}],"collection":[{"href":"https:\/\/sylviehippolyte.fr\/index.php?rest_route=\/wp\/v2\/posts"}],"about":[{"href":"https:\/\/sylviehippolyte.fr\/index.php?rest_route=\/wp\/v2\/types\/post"}],"author":[{"embeddable":true,"href":"https:\/\/sylviehippolyte.fr\/index.php?rest_route=\/wp\/v2\/users\/1"}],"replies":[{"embeddable":true,"href":"https:\/\/sylviehippolyte.fr\/index.php?rest_route=%2Fwp%2Fv2%2Fcomments&post=504"}],"version-history":[{"count":4,"href":"https:\/\/sylviehippolyte.fr\/index.php?rest_route=\/wp\/v2\/posts\/504\/revisions"}],"predecessor-version":[{"id":511,"href":"https:\/\/sylviehippolyte.fr\/index.php?rest_route=\/wp\/v2\/posts\/504\/revisions\/511"}],"wp:attachment":[{"href":"https:\/\/sylviehippolyte.fr\/index.php?rest_route=%2Fwp%2Fv2%2Fmedia&parent=504"}],"wp:term":[{"taxonomy":"category","embeddable":true,"href":"https:\/\/sylviehippolyte.fr\/index.php?rest_route=%2Fwp%2Fv2%2Fcategories&post=504"},{"taxonomy":"post_tag","embeddable":true,"href":"https:\/\/sylviehippolyte.fr\/index.php?rest_route=%2Fwp%2Fv2%2Ftags&post=504"}],"curies":[{"name":"wp","href":"https:\/\/api.w.org\/{rel}","templated":true}]}}